{"id":3469,"date":"2017-11-15T09:33:39","date_gmt":"2017-11-15T08:33:39","guid":{"rendered":"http:\/\/www.lasnereidasaltea.com\/?p=3469"},"modified":"2020-10-27T13:01:26","modified_gmt":"2020-10-27T12:01:26","slug":"novembre-cultural-altea-la-vella","status":"publish","type":"post","link":"https:\/\/www.lasnereidasaltea.com\/ru\/novembre-cultural-altea-la-vella\/","title":{"rendered":"Novembre Cultural  -Altea La Vella-"},"content":{"rendered":"<p>&nbsp;<\/p>\n<p>Novembre Cultural\u00a0 -Altea La Vella-\u00a0<strong>\u00a0El m\u00e9todo Gr\u00f6nholm<\/strong><\/p>\n<p>11\/11\/2017 20.00<br \/>\nCentre Cultural d\u2019Altea la Vella<br \/>\nEl m\u00e9todo Gr\u00f6nholm<br \/>\nCia: POS-ESO Teatro<\/p>\n<p>Entrada gratu\u00efta limitada a l\u2019aforament<\/p>\n<p>Fuente:\u00a0<a href=\"http:\/\/www.altea.es\/evento\/novembre-cultural-altea-la-vella-metodo-gronholm\/\" target=\"_blank\" rel=\"noopener\">http:\/\/www.altea.es<\/a><\/p>\n","protected":false},"excerpt":{"rendered":"<p>&nbsp; Novembre Cultural\u00a0 -Altea La Vella-\u00a0\u00a0El m\u00e9todo Gr\u00f6nholm 11\/11\/2017 20.00 Centre Cultural d\u2019Altea la Vella El m\u00e9todo Gr\u00f6nholm Cia: POS-ESO Teatro Entrada gratu\u00efta limitada a l\u2019aforament Fuente:\u00a0http:\/\/www.altea.es<\/p>\n","protected":false},"author":32,"featured_media":3468,"comment_status":"closed","ping_status":"closed","sticky":false,"template":"","format":"standard","meta":{"_mbp_gutenberg_autopost":false,"spay_email":"","jetpack_publicize_message":"","jetpack_is_tweetstorm":false,"jetpack_publicize_feature_enabled":true},"categories":[37],"tags":[],"jetpack_featured_media_url":"https:\/\/www.lasnereidasaltea.com\/wp-content\/uploads\/2017\/11\/Novembre-Cultural-Altea-La-Vella-2017.jpg","jetpack_publicize_connections":[],"_links":{"self":[{"href":"https:\/\/www.lasnereidasaltea.com\/ru\/wp-json\/wp\/v2\/posts\/3469"}],"collection":[{"href":"https:\/\/www.lasnereidasaltea.com\/ru\/wp-json\/wp\/v2\/posts"}],"about":[{"href":"https:\/\/www.lasnereidasaltea.com\/ru\/wp-json\/wp\/v2\/types\/post"}],"author":[{"embeddable":true,"href":"https:\/\/www.lasnereidasaltea.com\/ru\/wp-json\/wp\/v2\/users\/32"}],"replies":[{"embeddable":true,"href":"https:\/\/www.lasnereidasaltea.com\/ru\/wp-json\/wp\/v2\/comments?post=3469"}],"version-history":[{"count":2,"href":"https:\/\/www.lasnereidasaltea.com\/ru\/wp-json\/wp\/v2\/posts\/3469\/revisions"}],"predecessor-version":[{"id":5629,"href":"https:\/\/www.lasnereidasaltea.com\/ru\/wp-json\/wp\/v2\/posts\/3469\/revisions\/5629"}],"wp:featuredmedia":[{"embeddable":true,"href":"https:\/\/www.lasnereidasaltea.com\/ru\/wp-json\/wp\/v2\/media\/3468"}],"wp:attachment":[{"href":"https:\/\/www.lasnereidasaltea.com\/ru\/wp-json\/wp\/v2\/media?parent=3469"}],"wp:term":[{"taxonomy":"category","embeddable":true,"href":"https:\/\/www.lasnereidasaltea.com\/ru\/wp-json\/wp\/v2\/categories?post=3469"},{"taxonomy":"post_tag","embeddable":true,"href":"https:\/\/www.lasnereidasaltea.com\/ru\/wp-json\/wp\/v2\/tags?post=3469"}],"curies":[{"name":"wp","href":"https:\/\/api.w.org\/{rel}","templated":true}]}}