{"id":3334,"date":"2017-02-17T09:32:44","date_gmt":"2017-02-17T08:32:44","guid":{"rendered":"http:\/\/www.lasnereidasaltea.com\/?p=3334"},"modified":"2020-10-27T13:10:21","modified_gmt":"2020-10-27T12:10:21","slug":"la-fiesta-del-porquet-y-la-ruta-gastronomica-el-plat-de-calent","status":"publish","type":"post","link":"https:\/\/www.lasnereidasaltea.com\/ru\/la-fiesta-del-porquet-y-la-ruta-gastronomica-el-plat-de-calent\/","title":{"rendered":"La fiesta del Porquet y La ruta gastron\u00f3mica \u201cEl plat de calent\u201d"},"content":{"rendered":"<p>El\u00a0<strong>martes 14\u00a0<\/strong>podemos disfrutar de\u00a0<strong>La ruta de los pescadores<\/strong>, una buena oportunidad para conocer el oficio de la pesca artesanal en directo y sumergirte en la cultura y tradici\u00f3n marinera de la Bah\u00eda de Altea. Plazas limitadas. M\u00e1s informaci\u00f3n en el siguiente\u00a0<a href=\"http:\/\/www.visitaltea.es\/turisme-mariner-el-oficio-de-la-pesca-en-directo\" target=\"_blank\" rel=\"noopener\">enlace<\/a>\u00a0y en\u00a0<a href=\"http:\/\/www.rutesdemar.com\/\" target=\"_blank\" rel=\"noopener\">www.rutesdemar.com<\/a>\u00a0(reservas en el tel\u00e9fono 653 567 203 y en\u00a0<a href=\"mailto:rutesdemar@gmail.com\">rutesdemar@gmail.com<\/a>\u00a0).<\/p>\n<p>El <strong>mi\u00e9rcoles 15,<\/strong>\u00a0a las 20 h. en la Casa de Cultura,\u00a0<strong>conferencia\u00a0<\/strong>en castellano con motivo del 400 Aniversario de la Carta Pobla de Altea:\u00a0<em>La vivienda y mobiliario tradicional. Fuentes gr\u00e1ficas y literarias.<\/em>\u00a0M\u00e1s informaci\u00f3n\u00a0<a href=\"http:\/\/www.visitaltea.es\/conferencies-4t-centenari\" target=\"_blank\" rel=\"noopener\">aqu\u00ed.<\/a><\/p>\n<p>El\u00a0<strong>jueves 16<\/strong>, a las 18 h.,\u00a0<strong>cine infantil<\/strong>\u00a0en el Auditorio del Centro Social con la pel\u00edcula\u00a0<strong>Norman del Norte<\/strong>\u00a0(entrada gratuita limitada al aforo del local). Y a las 20 h.,\u00a0<strong>videoforum<\/strong>en el Auditorio del Centro Social dentro del ciclo \u201cComedia\u201d se proyectar\u00e1\u00a0<strong>Bienvenidos al sur\u00a0<\/strong>(2010) del director Luca Miniero y protagonizada por Claudio Bisio y Valentina Ludovini (entrada gratuita limitada al aforo del local).<\/p>\n<p>Del\u00a0<strong>viernes 17 al domingo 26, Ruta gastron\u00f3mica \u201cEl plat de calent\u201d\u00a0<\/strong>con la colaboraci\u00f3n de diversos restaurantes de Altea y Altea la Vella. M\u00e1s informaci\u00f3n\u00a0<a href=\"http:\/\/www.visitaltea.es\/ruta-gastronomica\" target=\"_blank\" rel=\"noopener\">aqu\u00ed<\/a>.<\/p>\n<p>El\u00a0<strong>s\u00e1bado 18,\u00a0\u00a0<\/strong>en la Plaza de la Iglesia,\u00a0<strong>Fiesta del Porquet<\/strong>\u00a0(m\u00e1s informaci\u00f3n\u00a0<a href=\"http:\/\/enjoyaltea.com\/wp-content\/uploads\/PROGRAMA-FESTA-DEL-PORQUET-2017.pdf\" target=\"_blank\" rel=\"noopener noreferrer\" data-saferedirecturl=\"https:\/\/www.google.com\/url?hl=es&amp;q=http:\/\/enjoyaltea.com\/wp-content\/uploads\/PROGRAMA-FESTA-DEL-PORQUET-2017.pdf&amp;source=gmail&amp;ust=1487148930681000&amp;usg=AFQjCNGBiyU3J6VigEJVF2y6zmBtgn7-Jw\">aqu\u00ed<\/a>). A las 18 h., en el Centro Cultural de Altea la Vella,\u00a0<strong>XII Certamen de Bandas de M\u00fasica Festera<\/strong>\u00a0(entrada libre limitada al aforo del local). Y a las 20 h. en Palau Altea,<strong>Sestetto Stradivari\u00a0<\/strong>con obras de Mozart yTchaikovsky (m\u00e1s informaci\u00f3n en el siguiente\u00a0<a href=\"http:\/\/www.palaudealtea.com\/\" target=\"_blank\" rel=\"noopener noreferrer\" data-saferedirecturl=\"https:\/\/www.google.com\/url?hl=es&amp;q=http:\/\/www.palaudealtea.com\/&amp;source=gmail&amp;ust=1487148930681000&amp;usg=AFQjCNG6n0-_nLi8dxONLYhW_GxImIA7pA\">enlace<\/a>)<\/p>\n<p>El\u00a0<strong>domingo 19<\/strong>\u00a0a las 19 h. en Palau Altea\u00a0<strong>La guerra dels Mons 2.0<\/strong>, espect\u00e1culo en valenciano a cargo de L\u2019Horta Teatre, Culturarts. M\u00e1s informaci\u00f3n\u00a0<a href=\"http:\/\/www.palaudealtea.com\/2017\/01\/la-guerra-dels-mons-20.html\" target=\"_blank\" rel=\"noopener\">aqu\u00ed<\/a>.<\/p>\n<p>La oferta cultural en Altea se completa con la\u00a0<strong>estela funeraria ib\u00e9rica de Altea la Vella<\/strong>\u00a0y el\u00a0<strong>Museo Casal del Fester<\/strong>, donde Moros y Cristianos nos muestran sus mejores galas en la Casa de Cultura situada en la calle Pont de Montcau 14(abierto de lunes a viernes de 10 a 14 h y de 17 a 20 h \u2013 entrada gratuita). y con el\u00a0<strong>Museo Parroquial de la Iglesia de Ntra. Sra. del Consuelo<\/strong>, donde se podr\u00e1n contemplar objetos lit\u00fargicos como pueden ser c\u00e1lices, casullas y libros parroquiales de un gran valor hist\u00f3rico que llegan a datar del a\u00f1o 1.640 (<strong>la muestra<\/strong>\u00a0se puede visitar martes, jueves y s\u00e1bado de 10:00 a 13:30 horas y\u00a0<strong>la iglesia<\/strong>\u00a0de lunes a s\u00e1bado de 10:00 a 13:30 horas y de 16:30 a 19:30 horas, domingos de 08:30 a 13:00 h \u2013 m\u00e1s informaci\u00f3n en siguiente\u00a0<a href=\"http:\/\/www.visitaltea.es\/museo-parroquial-ntra-sra-del-consuelo\" target=\"_blank\" rel=\"noopener\">enlace<\/a>\u00a0).<\/p>\n<p>Fuente:\u00a0<a href=\"http:\/\/enjoyaltea.com\" target=\"_blank\" rel=\"noopener\">http:\/\/enjoyaltea.com<\/a><\/p>\n","protected":false},"excerpt":{"rendered":"<p>El\u00a0martes 14\u00a0podemos disfrutar de\u00a0La ruta de los pescadores, una buena oportunidad para conocer el oficio de la pesca artesanal en directo y sumergirte en la cultura y tradici\u00f3n marinera de la Bah\u00eda de Altea. Plazas limitadas. M\u00e1s informaci\u00f3n en el siguiente\u00a0enlace\u00a0y en\u00a0www.rutesdemar.com\u00a0(reservas en el tel\u00e9fono 653 567 203 y en\u00a0rutesdemar@gmail.com\u00a0)&#8230;.<\/p>\n","protected":false},"author":32,"featured_media":3333,"comment_status":"closed","ping_status":"closed","sticky":false,"template":"","format":"standard","meta":{"_mbp_gutenberg_autopost":false,"spay_email":"","jetpack_publicize_message":"","jetpack_is_tweetstorm":false,"jetpack_publicize_feature_enabled":true},"categories":[37],"tags":[],"jetpack_featured_media_url":"https:\/\/www.lasnereidasaltea.com\/wp-content\/uploads\/2017\/02\/Imagen-semana-del-13-al-19-de-febrero-2017.jpg","jetpack_publicize_connections":[],"_links":{"self":[{"href":"https:\/\/www.lasnereidasaltea.com\/ru\/wp-json\/wp\/v2\/posts\/3334"}],"collection":[{"href":"https:\/\/www.lasnereidasaltea.com\/ru\/wp-json\/wp\/v2\/posts"}],"about":[{"href":"https:\/\/www.lasnereidasaltea.com\/ru\/wp-json\/wp\/v2\/types\/post"}],"author":[{"embeddable":true,"href":"https:\/\/www.lasnereidasaltea.com\/ru\/wp-json\/wp\/v2\/users\/32"}],"replies":[{"embeddable":true,"href":"https:\/\/www.lasnereidasaltea.com\/ru\/wp-json\/wp\/v2\/comments?post=3334"}],"version-history":[{"count":2,"href":"https:\/\/www.lasnereidasaltea.com\/ru\/wp-json\/wp\/v2\/posts\/3334\/revisions"}],"predecessor-version":[{"id":5642,"href":"https:\/\/www.lasnereidasaltea.com\/ru\/wp-json\/wp\/v2\/posts\/3334\/revisions\/5642"}],"wp:featuredmedia":[{"embeddable":true,"href":"https:\/\/www.lasnereidasaltea.com\/ru\/wp-json\/wp\/v2\/media\/3333"}],"wp:attachment":[{"href":"https:\/\/www.lasnereidasaltea.com\/ru\/wp-json\/wp\/v2\/media?parent=3334"}],"wp:term":[{"taxonomy":"category","embeddable":true,"href":"https:\/\/www.lasnereidasaltea.com\/ru\/wp-json\/wp\/v2\/categories?post=3334"},{"taxonomy":"post_tag","embeddable":true,"href":"https:\/\/www.lasnereidasaltea.com\/ru\/wp-json\/wp\/v2\/tags?post=3334"}],"curies":[{"name":"wp","href":"https:\/\/api.w.org\/{rel}","templated":true}]}}