{"id":3226,"date":"2016-08-30T07:24:18","date_gmt":"2016-08-30T06:24:18","guid":{"rendered":"http:\/\/www.lasnereidasaltea.com\/?p=3226"},"modified":"2020-10-27T13:30:17","modified_gmt":"2020-10-27T12:30:17","slug":"descubre-altea-con-las-visitas-guiadas-por-la-localidadtambien-la-primera-quincena-de-septiembre","status":"publish","type":"post","link":"https:\/\/www.lasnereidasaltea.com\/ru\/descubre-altea-con-las-visitas-guiadas-por-la-localidadtambien-la-primera-quincena-de-septiembre\/","title":{"rendered":"Descubre Altea con las visitas guiadas por la localidad\u2026\u00a1tambi\u00e9n la primera quincena de Septiembre!"},"content":{"rendered":"<p>***Debido al \u00e9xito de las visitas guiadas, durante los d\u00edas\u00a0<strong>1 y 8 de septiembre<\/strong>\u00a0se realizar\u00e1n visitas por\u00a0<strong><span class=\"il\">Altea<\/span>\u00a0la Vella<\/strong>y los d\u00edas\u00a0<strong>2 y 9<\/strong>\u00a0por\u00a0<strong><span class=\"il\">Altea<\/span>-Casco Antiguo<\/strong>***<u><\/u><u><\/u><\/p>\n<p>La localidad de\u00a0<span class=\"il\">Altea<\/span>\u00a0esconde bell\u00edsimos rincones entre sus calles, te invitamos a descubrirlos con las \u00a0visitas guiadas por la ciudad.<u><\/u><u><\/u><\/p>\n<p>Desde el jueves 30 de junio y durante todos los jueves de julio y agosto, a partir de las 19:30 horas y siendo el punto de encuentro el aparcamiento Cura Llinares, dar\u00e1 comienzo la ruta<span class=\"il\">Altea<\/span>\u00a0La Vella, una ruta sencilla y encantadora que nos remonta a nuestros or\u00edgenes.<u><\/u><u><\/u><\/p>\n<p>Desde el viernes 1 de julio y durante todos los viernes de julio y agosto, a las 19:00 horas, y partiendo de la Tourist Info sita en la calle Sant Pere 14, esta ruta recorrer\u00e1 el arrabal marinero y el barrio de Bellaguarda hasta llegar al casco antiguo de\u00a0<span class=\"il\">Altea<\/span>, declarado Bien de Inter\u00e9s Cultural.<u><\/u><u><\/u><\/p>\n<p>No olvides hacer tu reserva en el tel\u00e9fono\u00a0<a href=\"tel:965%20844%20114\" target=\"_blank\" rel=\"noopener noreferrer\">965 844 114<\/a>\u00a0o en\u00a0<a href=\"mailto:altea@touristinfo.net\" target=\"_blank\" rel=\"noopener noreferrer\"><span class=\"il\">altea<\/span>@touristinfo.net<\/a><\/p>\n<p>Fuente:\u00a0<a href=\"http:\/\/www.visitaltea.es\" target=\"_blank\" rel=\"noopener\">http:\/\/www.visitaltea.es<\/a><\/p>\n","protected":false},"excerpt":{"rendered":"<p>***Debido al \u00e9xito de las visitas guiadas, durante los d\u00edas\u00a01 y 8 de septiembre\u00a0se realizar\u00e1n visitas por\u00a0Altea\u00a0la Vellay los d\u00edas\u00a02 y 9\u00a0por\u00a0Altea-Casco Antiguo*** La localidad de\u00a0Altea\u00a0esconde bell\u00edsimos rincones entre sus calles, te invitamos a descubrirlos con las \u00a0visitas guiadas por la ciudad. Desde el jueves 30 de junio y durante&#8230;<\/p>\n","protected":false},"author":32,"featured_media":3225,"comment_status":"closed","ping_status":"closed","sticky":false,"template":"","format":"standard","meta":{"_mbp_gutenberg_autopost":false,"spay_email":"","jetpack_publicize_message":"","jetpack_is_tweetstorm":false,"jetpack_publicize_feature_enabled":true},"categories":[37],"tags":[],"jetpack_featured_media_url":"https:\/\/www.lasnereidasaltea.com\/wp-content\/uploads\/2016\/08\/img.php-3.jpeg","jetpack_publicize_connections":[],"_links":{"self":[{"href":"https:\/\/www.lasnereidasaltea.com\/ru\/wp-json\/wp\/v2\/posts\/3226"}],"collection":[{"href":"https:\/\/www.lasnereidasaltea.com\/ru\/wp-json\/wp\/v2\/posts"}],"about":[{"href":"https:\/\/www.lasnereidasaltea.com\/ru\/wp-json\/wp\/v2\/types\/post"}],"author":[{"embeddable":true,"href":"https:\/\/www.lasnereidasaltea.com\/ru\/wp-json\/wp\/v2\/users\/32"}],"replies":[{"embeddable":true,"href":"https:\/\/www.lasnereidasaltea.com\/ru\/wp-json\/wp\/v2\/comments?post=3226"}],"version-history":[{"count":4,"href":"https:\/\/www.lasnereidasaltea.com\/ru\/wp-json\/wp\/v2\/posts\/3226\/revisions"}],"predecessor-version":[{"id":5665,"href":"https:\/\/www.lasnereidasaltea.com\/ru\/wp-json\/wp\/v2\/posts\/3226\/revisions\/5665"}],"wp:featuredmedia":[{"embeddable":true,"href":"https:\/\/www.lasnereidasaltea.com\/ru\/wp-json\/wp\/v2\/media\/3225"}],"wp:attachment":[{"href":"https:\/\/www.lasnereidasaltea.com\/ru\/wp-json\/wp\/v2\/media?parent=3226"}],"wp:term":[{"taxonomy":"category","embeddable":true,"href":"https:\/\/www.lasnereidasaltea.com\/ru\/wp-json\/wp\/v2\/categories?post=3226"},{"taxonomy":"post_tag","embeddable":true,"href":"https:\/\/www.lasnereidasaltea.com\/ru\/wp-json\/wp\/v2\/tags?post=3226"}],"curies":[{"name":"wp","href":"https:\/\/api.w.org\/{rel}","templated":true}]}}