{"id":3062,"date":"2016-04-27T10:22:39","date_gmt":"2016-04-27T09:22:39","guid":{"rendered":"http:\/\/www.lasnereidasaltea.com\/?p=3062"},"modified":"2020-10-27T13:45:08","modified_gmt":"2020-10-27T12:45:08","slug":"30-aniversario-de-la-casa-de-cultura","status":"publish","type":"post","link":"https:\/\/www.lasnereidasaltea.com\/ru\/30-aniversario-de-la-casa-de-cultura\/","title":{"rendered":"30 Aniversario de la Casa de Cultura"},"content":{"rendered":"<p>El\u00a0<strong>jueves 28<\/strong>, a las 20:30 h.,\u00a0<strong>videoforum<\/strong>\u00a0en el Auditorio del Centro Social dentro del ciclo \u201cFotograf\u00eda y cine\u201d, con la pel\u00edcula\u00a0<strong>\u201cUn d\u00eda perfecto\u201d\u00a0<\/strong>(2015) del director Fernando Le\u00f3n y protagonizada por Tim Robbins, Benicio del Toro y Olga Kurylenko (entrada gratuita limitada al aforo del local).<\/p>\n<p>El\u00a0<strong>viernes 29<\/strong>, en la Casa de Cultura, a las 17:30 h,\u00a0<strong>lectura de un cuento tradicional y confecci\u00f3n de un libro gigante<\/strong>, y a las 20:00 h, presentaci\u00f3n del libro\u00a0<strong>S\u2019esllavissa el temps per les Baslides de Nova York<\/strong>, dentro del ciclo\u00a0<strong>a, llibres a la Primavera<\/strong>\u00a0(m\u00e1s informaci\u00f3n en este\u00a0<a href=\"http:\/\/www.visitaltea.es\/altea-llibres-a-la-primavera\" target=\"_blank\" rel=\"noopener\">enlace<\/a>).<strong>Altea<\/strong><\/p>\n<p>El\u00a0<strong>s\u00e1bado 30<\/strong>, a las 12 h.,\u00a0<strong>cine infantil<\/strong>\u00a0en el Auditorio del Centro Social con la pel\u00edcula\u00a0<strong>Ups \u00bfd\u00f3nde est\u00e1 Noe?\u00a0<\/strong>(entrada gratuita limitada al aforo del local). A las 18h, en Palau Altea, actuaci\u00f3n de\u00a0<strong>DOT Maduixa Teatre\u00a0<\/strong>(m\u00e1s informaci\u00f3n en\u00a0<a href=\"http:\/\/www.palaualtea.com\/\" target=\"_blank\" rel=\"noopener\">www.palaualtea.com<\/a>\u00a0). Y a las 19 h en la Casa de Cultura, conferencia:\u00a0<strong>lteano: Recuperar el pasado para abrir puertas al futuro<\/strong>, a cargo de Cristina Llorens. A continuaci\u00f3n\u00a0<strong>Concierto de M\u00fasica de C\u00e1mara<\/strong>.<strong>Ram\u00f3n Llorens Barber: historiador a<\/strong><\/p>\n<p>El\u00a0<strong>domingo 1<\/strong>, a las 9 h. desde el muelle de poniente del Puerto de Altea, XV Trofeo de Remo \u2013 final de liga. Y a las 19h., en Palau Altea,\u00a0<strong>VIP\u00a0<\/strong>a cargo de\u00a0<strong>Els Joglars<\/strong>\u00a0(m\u00e1s informaci\u00f3n en\u00a0<a href=\"http:\/\/www.palaualtea.com\/\" target=\"_blank\" rel=\"noopener\">www.palaualtea.com<\/a>\u00a0)<\/p>\n<p>La oferta cultural en Altea se completa con la Exposici\u00f3n<strong>\u00a0<\/strong>en la Biblioteca P\u00fablica de Altea de la\u00a0<strong>obra de Don Quijote\u00a0<\/strong>para conmemorar<strong>\u00a0el 400 aniversario de la muerte de Cervantes<\/strong>\u00a0(abierto de lunes a viernes de 10 a 14 h y de 17 a 20 h a partir del viernes 22), con la\u00a0<strong>exposici\u00f3n fotogr\u00e1fica<\/strong>\u00a0<strong>La Casa de Cultura d\u2019Altea: Or\u00edgens\u00a0<\/strong>(abierto de lunes a viernes de 10 a 14 h y de 17 a 20 h hasta el 25 de mayo), con el\u00a0<strong>Museo Casal del Fester<\/strong>, donde Moros y Cristianos nos muestran sus mejores galas en la Casa de Cultura situada en la calle Pont de Montcau 14 (abierto de lunes a viernes de 10 a 14 h y de 17 a 20 h \u2013 entrada gratuita) y con el\u00a0<strong>Museo Parroquial de la Iglesia de Ntra. Sra. del Consuelo<\/strong>, donde se podr\u00e1n contemplar objetos lit\u00fargicos como pueden ser c\u00e1lices, casullas y libros parroquiales de un gran valor hist\u00f3rico que llegan a datar del a\u00f1o 1.640 (la muestra se puede visitar de martes a s\u00e1bado 10:30 a 13:30 horas y de 16:30 a 18:30 horas \u2013 m\u00e1s informaci\u00f3n en siguiente\u00a0<a href=\"http:\/\/www.visitaltea.es\/museo-parroquial-ntra-sra-del-consuelo\" target=\"_blank\" rel=\"noopener\">enlace<\/a>\u00a0).<\/p>\n<p>&#8212; See more at: <a href=\"http:\/\/enjoyaltea.com\/sin-categoria\/30-aniversario-de-la-casa-de-cultura#sthash.7bRPDIAm.dpuf\" target=\"_blank\" rel=\"noopener\">http:\/\/enjoyaltea.com\/sin-categoria\/30-aniversario-de-la-casa-de-cultura#sthash.7bRPDIAm.dpuf<\/a><\/p>\n","protected":false},"excerpt":{"rendered":"<p>El\u00a0jueves 28, a las 20:30 h.,\u00a0videoforum\u00a0en el Auditorio del Centro Social dentro del ciclo \u201cFotograf\u00eda y cine\u201d, con la pel\u00edcula\u00a0\u201cUn d\u00eda perfecto\u201d\u00a0(2015) del director Fernando Le\u00f3n y protagonizada por Tim Robbins, Benicio del Toro y Olga Kurylenko (entrada gratuita limitada al aforo del local). El\u00a0viernes 29, en la Casa de&#8230;<\/p>\n","protected":false},"author":32,"featured_media":3061,"comment_status":"closed","ping_status":"closed","sticky":false,"template":"","format":"standard","meta":{"_mbp_gutenberg_autopost":false,"spay_email":"","jetpack_publicize_message":"","jetpack_is_tweetstorm":false,"jetpack_publicize_feature_enabled":true},"categories":[37],"tags":[],"jetpack_featured_media_url":"https:\/\/www.lasnereidasaltea.com\/wp-content\/uploads\/2016\/04\/30AniversariCasaCulturaAltea_CartellWeb.png","jetpack_publicize_connections":[],"_links":{"self":[{"href":"https:\/\/www.lasnereidasaltea.com\/ru\/wp-json\/wp\/v2\/posts\/3062"}],"collection":[{"href":"https:\/\/www.lasnereidasaltea.com\/ru\/wp-json\/wp\/v2\/posts"}],"about":[{"href":"https:\/\/www.lasnereidasaltea.com\/ru\/wp-json\/wp\/v2\/types\/post"}],"author":[{"embeddable":true,"href":"https:\/\/www.lasnereidasaltea.com\/ru\/wp-json\/wp\/v2\/users\/32"}],"replies":[{"embeddable":true,"href":"https:\/\/www.lasnereidasaltea.com\/ru\/wp-json\/wp\/v2\/comments?post=3062"}],"version-history":[{"count":2,"href":"https:\/\/www.lasnereidasaltea.com\/ru\/wp-json\/wp\/v2\/posts\/3062\/revisions"}],"predecessor-version":[{"id":5692,"href":"https:\/\/www.lasnereidasaltea.com\/ru\/wp-json\/wp\/v2\/posts\/3062\/revisions\/5692"}],"wp:featuredmedia":[{"embeddable":true,"href":"https:\/\/www.lasnereidasaltea.com\/ru\/wp-json\/wp\/v2\/media\/3061"}],"wp:attachment":[{"href":"https:\/\/www.lasnereidasaltea.com\/ru\/wp-json\/wp\/v2\/media?parent=3062"}],"wp:term":[{"taxonomy":"category","embeddable":true,"href":"https:\/\/www.lasnereidasaltea.com\/ru\/wp-json\/wp\/v2\/categories?post=3062"},{"taxonomy":"post_tag","embeddable":true,"href":"https:\/\/www.lasnereidasaltea.com\/ru\/wp-json\/wp\/v2\/tags?post=3062"}],"curies":[{"name":"wp","href":"https:\/\/api.w.org\/{rel}","templated":true}]}}