{"id":3255,"date":"2016-09-27T11:45:16","date_gmt":"2016-09-27T10:45:16","guid":{"rendered":"http:\/\/www.lasnereidasaltea.com\/?p=3255"},"modified":"2020-10-27T13:27:58","modified_gmt":"2020-10-27T12:27:58","slug":"fiestas-mayores-de-altea-fesporrat-altea-y-dmt-2016","status":"publish","type":"post","link":"https:\/\/www.lasnereidasaltea.com\/fr\/fiestas-mayores-de-altea-fesporrat-altea-y-dmt-2016\/","title":{"rendered":"Fiestas mayores de Altea, Fesporrat Altea y DMT 2016"},"content":{"rendered":"<p>&nbsp;<\/p>\n<p>Esta semana destacamos las\u00a0<strong>fiestas mayores de Altea en honor al Sant\u00edsimo Cristo del Sagrario y San Blas\u00a0<\/strong>(m\u00e1s informaci\u00f3n\u00a0<a href=\"http:\/\/www.visitaltea.es\/wp-content\/uploads\/programa-cristo.pdf\" target=\"_blank\" rel=\"noopener\">aqu\u00ed)<\/a>\u00a0y \u00a0<strong>el\u00a0<\/strong><a href=\"http:\/\/www.visitaltea.es\/fesporrat-altea\" target=\"_blank\" rel=\"noopener\"><strong>Fesporrat Altea<\/strong><\/a><\/p>\n<p>El\u00a0<strong>lunes 26<\/strong>\u00a0destacamos la\u00a0<strong>Misa Solemne<\/strong>\u00a0en honor a Sant Blai cantada por el coro de la Sociedad Filarm\u00f3nica Alteanense, a las 11:30 h en la Iglesia del Consuelo. A continuaci\u00f3n\u00a0<strong>Embajada Cristiana y Rendici\u00f3n Mora<\/strong>, a las 13:15 h en la Plaza de la Iglesia. A las 20:00 h, espectacular\u00a0<strong>Entrada Cristiana<\/strong>\u00a0por las calles Filarm\u00f3nica, Pont de Moncau, Avenida Jaume I y finalizando en Pla\u00e7a dels Esports. Por la noche no puede faltar la gran verbena en la barraca festera, con la actuaci\u00f3n de la\u00a0<strong>Orquesta Mito<\/strong>.<\/p>\n<p>El\u00a0<strong>martes 27<\/strong>, a las 11:30 h, pasacalle desde la Plaza del Ayuntamiento hasta la Iglesia de San Francisco de autoridades, cargos festeros y comisi\u00f3n de fiestas, donde se celebrar\u00e1 la Misa de difuntos y acci\u00f3n de gracias a las 12 h. A las 17:30 h.\u00a0<strong>Trofeo Triangular de Pelota Valenciana<\/strong>, en la calle Filarm\u00f3nica.<\/p>\n<p>El\u00a0<strong>martes 27\u00a0<\/strong>podemos disfrutar de\u00a0<strong>La ruta de los pescadores<\/strong>, una buena oportunidad para conocer el oficio de la pesca artesanal en directo y sumergirte en la cultura y tradici\u00f3n marinera de la Bah\u00eda de Altea. Plazas limitadas. M\u00e1s informaci\u00f3n en el siguiente\u00a0<a href=\"http:\/\/www.visitaltea.es\/turisme-mariner-el-oficio-de-la-pesca-en-directo\" target=\"_blank\" rel=\"noopener\">enlace<\/a>\u00a0y en\u00a0<a href=\"http:\/\/www.rutesdemar.com\/\" target=\"_blank\" rel=\"noopener\">www.rutesdemar.com<\/a>\u00a0(reservas en el tel\u00e9fono 653 567 203 y en\u00a0<a href=\"mailto:rutesdemar@gmail.com\">rutesdemar@gmail.com<\/a>\u00a0).<\/p>\n<p>El\u00a0<strong>viernes 30<\/strong>, con motivo de la celebraci\u00f3n del\u00a0<strong>D\u00eda Mundial del Turismo DMT-2016<\/strong>\u00a0con el lema\u00a0<strong>\u201cTurismo para Todos, promover la Accesibilidad Global\u201d<\/strong>, hemos preparado una\u00a0<strong>visita guiada gratuita y accesible<\/strong>\u00a0al casco antiguo de Altea. El punto de encuentro ser\u00e1 en la Tourist Info Altea a las 11:30 h y la subida al casco antiguo la haremos en un autob\u00fas accesible gracias a la colaboraci\u00f3n desinteresada de\u00a0<a href=\"http:\/\/www.llorentebus.es\/es\" target=\"_blank\" rel=\"noopener\">Llorente Bus<\/a>\u00a0(plazas limitadas,\u00a0<strong>imprescindible inscripci\u00f3n<\/strong>\u00a0en la Tourist Info Altea, calle Sant Pere 14, telf. 965844114 o v\u00eda email\u00a0<a href=\"mailto:altea@touristinfo.net\">altea@touristinfo.net<\/a>).<\/p>\n<p>Y a las 20:30 h en la Iglesia de San Francisco, conferencia a cargo del Dr. Emilio Dom\u00ednguez D\u00edaz\u00a0<strong>\u201cRoy Campbell: vida, obra y conversi\u00f3n en Altea\u201d<\/strong>.<\/p>\n<p>El\u00a0<strong>s\u00e1bado 1 de octubre\u00a0<\/strong>a las 22 h.\u00a0<strong>Fesporrat<\/strong>\u00a0en la barraca festera con la actuaci\u00f3n de ASPENCAT, OQUES GRASSES, PELLIKANA y EMBOLICATS (m\u00e1s informaci\u00f3n\u00a0<a href=\"http:\/\/www.visitaltea.es\/fesporrat-altea\" target=\"_blank\" rel=\"noopener\">aqu\u00ed)<\/a>.<\/p>\n<p>La oferta cultural en Altea se completa con el\u00a0<strong>Museo Casal del Fester<\/strong>, donde Moros y Cristianos nos muestran sus mejores galas en la Casa de Cultura situada en la calle Pont de Montcau 14 (abierto de lunes a viernes de 10 a 14 h y de 17 a 20 h \u2013 entrada gratuita) y con el\u00a0<strong>Museo Parroquial de la Iglesia de Ntra. Sra. del Consuelo<\/strong>, donde se podr\u00e1n contemplar objetos lit\u00fargicos como pueden ser c\u00e1lices, casullas y libros parroquiales de un gran valor hist\u00f3rico que llegan a datar del a\u00f1o 1.640 (la muestra se puede visitar de martes a s\u00e1bado 10:30 a 13:30 horas y de 16:30 a 18:30 horas \u2013 m\u00e1s informaci\u00f3n en siguiente\u00a0<a href=\"http:\/\/www.visitaltea.es\/museo-parroquial-ntra-sra-del-consuelo\" target=\"_blank\" rel=\"noopener\">enlace<\/a>\u00a0).<\/p>\n<p>Fuente:\u00a0<a href=\"http:\/\/enjoyaltea.com\" target=\"_blank\" rel=\"noopener\">http:\/\/enjoyaltea.com<\/a><\/p>\n","protected":false},"excerpt":{"rendered":"<p>&nbsp; Esta semana destacamos las\u00a0fiestas mayores de Altea en honor al Sant\u00edsimo Cristo del Sagrario y San Blas\u00a0(m\u00e1s informaci\u00f3n\u00a0aqu\u00ed)\u00a0y \u00a0el\u00a0Fesporrat Altea El\u00a0lunes 26\u00a0destacamos la\u00a0Misa Solemne\u00a0en honor a Sant Blai cantada por el coro de la Sociedad Filarm\u00f3nica Alteanense, a las 11:30 h en la Iglesia del Consuelo. A continuaci\u00f3n\u00a0Embajada Cristiana&#8230;<\/p>\n","protected":false},"author":32,"featured_media":3254,"comment_status":"closed","ping_status":"closed","sticky":false,"template":"","format":"standard","meta":{"_mbp_gutenberg_autopost":false,"spay_email":"","jetpack_publicize_message":"","jetpack_is_tweetstorm":false,"jetpack_publicize_feature_enabled":true},"categories":[36],"tags":[],"jetpack_featured_media_url":"https:\/\/www.lasnereidasaltea.com\/wp-content\/uploads\/2016\/09\/Imagen-semana-del-26-sept-al-2-de-octubre-2016-1024x723.jpg","jetpack_publicize_connections":[],"_links":{"self":[{"href":"https:\/\/www.lasnereidasaltea.com\/fr\/wp-json\/wp\/v2\/posts\/3255"}],"collection":[{"href":"https:\/\/www.lasnereidasaltea.com\/fr\/wp-json\/wp\/v2\/posts"}],"about":[{"href":"https:\/\/www.lasnereidasaltea.com\/fr\/wp-json\/wp\/v2\/types\/post"}],"author":[{"embeddable":true,"href":"https:\/\/www.lasnereidasaltea.com\/fr\/wp-json\/wp\/v2\/users\/32"}],"replies":[{"embeddable":true,"href":"https:\/\/www.lasnereidasaltea.com\/fr\/wp-json\/wp\/v2\/comments?post=3255"}],"version-history":[{"count":2,"href":"https:\/\/www.lasnereidasaltea.com\/fr\/wp-json\/wp\/v2\/posts\/3255\/revisions"}],"predecessor-version":[{"id":5660,"href":"https:\/\/www.lasnereidasaltea.com\/fr\/wp-json\/wp\/v2\/posts\/3255\/revisions\/5660"}],"wp:featuredmedia":[{"embeddable":true,"href":"https:\/\/www.lasnereidasaltea.com\/fr\/wp-json\/wp\/v2\/media\/3254"}],"wp:attachment":[{"href":"https:\/\/www.lasnereidasaltea.com\/fr\/wp-json\/wp\/v2\/media?parent=3255"}],"wp:term":[{"taxonomy":"category","embeddable":true,"href":"https:\/\/www.lasnereidasaltea.com\/fr\/wp-json\/wp\/v2\/categories?post=3255"},{"taxonomy":"post_tag","embeddable":true,"href":"https:\/\/www.lasnereidasaltea.com\/fr\/wp-json\/wp\/v2\/tags?post=3255"}],"curies":[{"name":"wp","href":"https:\/\/api.w.org\/{rel}","templated":true}]}}