{"id":3111,"date":"2016-06-02T09:13:04","date_gmt":"2016-06-02T08:13:04","guid":{"rendered":"http:\/\/www.lasnereidasaltea.com\/?p=3111"},"modified":"2020-10-27T13:40:31","modified_gmt":"2020-10-27T12:40:31","slug":"las-fiestas-en-honor-a-la-santisima-trinidad-en-el-barrio-de-bellaguarda","status":"publish","type":"post","link":"https:\/\/www.lasnereidasaltea.com\/fr\/las-fiestas-en-honor-a-la-santisima-trinidad-en-el-barrio-de-bellaguarda\/","title":{"rendered":"Las fiestas en honor a la Sant\u00edsima Trinidad en el barrio de Bellaguarda"},"content":{"rendered":"<p>Del 2 al 5 de junio, el precioso barrio de\u00a0<strong>Bellaguarda<\/strong>\u00a0celebra sus fiestas en honor<\/p>\n<p>a<strong>\u00a0la Sant\u00edsima Trinidad<\/strong>\u00a0<a href=\"http:\/\/www.visitaltea.es\/wp-content\/uploads\/2016\/05\/Programa-Santissima-Trinitat_2016-1.pdf\" target=\"_blank\" rel=\"noopener\">(programa de fiestas)<\/a><\/p>\n<p>El\u00a0<strong>jueves 2<\/strong>\u00a0a las 20:30 h.,\u00a0<strong>videoforum<\/strong>\u00a0en el Auditorio del Centro Social dentro del<\/p>\n<p>ciclo \u201cAm\u00e9rica vs Europa\u201d, con la pel\u00edcula\u00a0<strong>\u201cEl puente de los esp\u00edas\u201d<\/strong>\u00a0(2015) del<\/p>\n<p>director Steven Spielberg protagonizada por Tom Hanks, Mark Rylance, Amy Ryan<\/p>\n<p>y Scott Shepherd (entrada gratuita limitada al aforo del local).<\/p>\n<p>El\u00a0<strong>viernes 3,<\/strong>\u00a0a las 22 h.,\u00a0<strong>El Hijo i Montserrat<\/strong>\u00a0\u201cCiclo de conciertos de pop, rock y<\/p>\n<p>electr\u00f3nica\u201d en Palau Altea. M\u00e1s informaci\u00f3n en<a href=\"http:\/\/www.palaudealtea.com\/\" target=\"_blank\" rel=\"noopener\">\u00a0www.palaualtea.com<\/a><\/p>\n<p>El\u00a0<strong>s\u00e1bado 4<\/strong>, a las 12 h.,\u00a0<strong>cine infantil<\/strong>\u00a0en el Auditorio del Centro Social con la<\/p>\n<p>pel\u00edcula\u00a0<strong>Min\u00fasculos: el valle de las Hormigas Perdidas<\/strong>\u00a0(entrada gratuita<\/p>\n<p>limitada al aforo del local).<\/p>\n<p>Tambi\u00e9n hay un hueco esta semana para el deporte, el<strong>\u00a0mi\u00e9rcoles 1<\/strong>\u00a0y el\u00a0<strong>viernes 3<\/strong><\/p>\n<p>de junio se llevar\u00e1n a cabo las<strong>\u00a0rutas guiadas de Snorkel<\/strong>. El mi\u00e9rcoles recorrer\u00e1n<\/p>\n<p>la costa de la playa de\u00a0<strong>La Olla<\/strong>, mientras el viernes ser\u00e1 la playa de<strong>\u00a0Mascarat<\/strong>, en<\/p>\n<p>ambos casos la salida ser\u00e1 a las 09:45 horas. Plazas limitadas. M\u00e1s informaci\u00f3n y<br \/>\nreservas en\u00a0<strong>Greenwichdiving \u2013 Centro de Buceo<\/strong>, tel\u00e9fono 966 881 457<\/p>\n<p>(necesario por tema de control y seguridad). M\u00e1s informaci\u00f3n en el siguiente<\/p>\n<p><a href=\"http:\/\/www.visitaltea.es\/rutas-de-snorkel-en-altea\" target=\"_blank\" rel=\"noopener\">enlace.<\/a><\/p>\n<p>La oferta cultural en Altea se completa con\u00a0<strong>el\u00a0Museo Casal del Fester<\/strong>, donde<\/p>\n<p>Moros y Cristianos nos muestran sus mejores galas en la Casa de Cultura situada<\/p>\n<p>en la calle Pont de Montcau 14 (abierto de lunes a viernes de 10 a 14 h y de 17 a<\/p>\n<p>20 h \u2013 entrada gratuita) y con el<strong>\u00a0Museo Parroquial de la Iglesia de Ntra. Sra. del<\/strong><\/p>\n<p><strong>Consuelo<\/strong>, donde se podr\u00e1n contemplar objetos lit\u00fargicos como pueden ser<\/p>\n<p>c\u00e1lices, casullas y libros parroquiales de un gran valor hist\u00f3rico que llegan a datar<\/p>\n<p>del a\u00f1o 1.640 (la muestra se puede visitar de martes a s\u00e1bado 10:30 a 13:30 horas<\/p>\n<p>y de 16:30 a 18:30 horas \u2013 m\u00e1s informaci\u00f3n en siguiente\u00a0<a href=\"http:\/\/www.visitaltea.es\/museo-parroquial-ntra-sra-del-consuelo\" target=\"_blank\" rel=\"noopener\">enlace<\/a>\u00a0).<\/p>\n<p>&#8211; See more at: <a href=\"http:\/\/enjoyaltea.com\/sin-categoria\/las-fiestas-en-honor-a-la-santisima-trinidad-en-el-barrio-de-bellaguarda#sthash.8l4mbjZe.dpuf\" target=\"_blank\" rel=\"noopener\">http:\/\/enjoyaltea.com\/sin-categoria\/las-fiestas-en-honor-a-la-santisima-trinidad-en-el-barrio-de-bellaguarda#sthash.8l4mbjZe.dpuf<\/a><\/p>\n","protected":false},"excerpt":{"rendered":"<p>Del 2 al 5 de junio, el precioso barrio de\u00a0Bellaguarda\u00a0celebra sus fiestas en honor a\u00a0la Sant\u00edsima Trinidad\u00a0(programa de fiestas) El\u00a0jueves 2\u00a0a las 20:30 h.,\u00a0videoforum\u00a0en el Auditorio del Centro Social dentro del ciclo \u201cAm\u00e9rica vs Europa\u201d, con la pel\u00edcula\u00a0\u201cEl puente de los esp\u00edas\u201d\u00a0(2015) del director Steven Spielberg protagonizada por Tom Hanks,&#8230;<\/p>\n","protected":false},"author":32,"featured_media":3110,"comment_status":"closed","ping_status":"closed","sticky":false,"template":"","format":"standard","meta":{"_mbp_gutenberg_autopost":false,"spay_email":"","jetpack_publicize_message":"","jetpack_is_tweetstorm":false,"jetpack_publicize_feature_enabled":true},"categories":[36],"tags":[],"jetpack_featured_media_url":"https:\/\/www.lasnereidasaltea.com\/wp-content\/uploads\/2016\/06\/b212ff35-1288-46db-a1f5-4dbe272881d51.jpeg","jetpack_publicize_connections":[],"_links":{"self":[{"href":"https:\/\/www.lasnereidasaltea.com\/fr\/wp-json\/wp\/v2\/posts\/3111"}],"collection":[{"href":"https:\/\/www.lasnereidasaltea.com\/fr\/wp-json\/wp\/v2\/posts"}],"about":[{"href":"https:\/\/www.lasnereidasaltea.com\/fr\/wp-json\/wp\/v2\/types\/post"}],"author":[{"embeddable":true,"href":"https:\/\/www.lasnereidasaltea.com\/fr\/wp-json\/wp\/v2\/users\/32"}],"replies":[{"embeddable":true,"href":"https:\/\/www.lasnereidasaltea.com\/fr\/wp-json\/wp\/v2\/comments?post=3111"}],"version-history":[{"count":4,"href":"https:\/\/www.lasnereidasaltea.com\/fr\/wp-json\/wp\/v2\/posts\/3111\/revisions"}],"predecessor-version":[{"id":5683,"href":"https:\/\/www.lasnereidasaltea.com\/fr\/wp-json\/wp\/v2\/posts\/3111\/revisions\/5683"}],"wp:featuredmedia":[{"embeddable":true,"href":"https:\/\/www.lasnereidasaltea.com\/fr\/wp-json\/wp\/v2\/media\/3110"}],"wp:attachment":[{"href":"https:\/\/www.lasnereidasaltea.com\/fr\/wp-json\/wp\/v2\/media?parent=3111"}],"wp:term":[{"taxonomy":"category","embeddable":true,"href":"https:\/\/www.lasnereidasaltea.com\/fr\/wp-json\/wp\/v2\/categories?post=3111"},{"taxonomy":"post_tag","embeddable":true,"href":"https:\/\/www.lasnereidasaltea.com\/fr\/wp-json\/wp\/v2\/tags?post=3111"}],"curies":[{"name":"wp","href":"https:\/\/api.w.org\/{rel}","templated":true}]}}