{"id":3465,"date":"2017-09-19T08:58:24","date_gmt":"2017-09-19T07:58:24","guid":{"rendered":"http:\/\/www.lasnereidasaltea.com\/?p=3465"},"modified":"2020-10-27T13:02:17","modified_gmt":"2020-10-27T12:02:17","slug":"festes-majors-de-altea-2017-1r-dia-de-festes","status":"publish","type":"post","link":"https:\/\/www.lasnereidasaltea.com\/en\/festes-majors-de-altea-2017-1r-dia-de-festes\/","title":{"rendered":"FESTES MAJORS DE ALTEA 2017 -1R DIA DE FESTES-"},"content":{"rendered":"<p>DIVENDRES, DIA 22 DE SETEMBRE:<\/p>\n<p>13:00 h.\u00a0<strong>ANUNCI OFICIAL DE FESTES<\/strong>\u00a0amb volteig de campanes i tir de morters.<\/p>\n<p>18:00 h. Tradicional \u201c<strong>ENTRADA DE LA MURTA<\/strong>\u201d amb la participaci\u00f3 de la Colla de Dol\u00e7aines, Bandeta Jove d\u2019Altea, Sonats Batucada d\u2019Altea, Grup de Danses Bellaguarda Tradicions, animaci\u00f3 \u201cFANTASIA\u201d, i moltes m\u00e9s coses.<br \/>\nRecorregut: Aparcament Facultat, C\/ Benidorm, Av. de la Nucia, Pl. La Creu, Pont de Moncau, i Av. Jaume I.<\/p>\n<p>20:00 h.\u00a0<strong>ENTRADA DE BANDES DE M\u00daSICA<\/strong>, des de Pla\u00e7a de la Creu fins a la Pla\u00e7a Jos\u00e9 M. Planelles, i a continuaci\u00f3, IMPOSICI\u00d3 DE BANDEROLES I PREG\u00d3 DE FESTES, a c\u00e0rrec de la Societat Recreativa Musical d\u2019Altea la Vella i de la Societat Filharm\u00f2nica Alteanense. En finalitzar el Preg\u00f3, totes les bandes interpretaran el pasdoble \u201cIDA Y VUELTA\u201d del compositor alte\u00e0 Francisco P\u00e9rez Devesa, sota la direcci\u00f3 del mestre director de la Banda Simf\u00f2nica de la SFA, En Jaume F. Ripoll Martins. Tot seguit les filaes es dirigiran als seus respectius locals.<\/p>\n<p>22:00 h. Obertura de la\u00a0<strong>BARRACA FESTERA<\/strong>\u00a0situada en l\u2019aparcament del Cam\u00ed de l\u2019Algar, amb preus populars, que comptar\u00e0 amb activitats durant totes les festes.<\/p>\n<p>00:00 h (matinada del dissabte),\u00a0<strong>ENTRADETES<\/strong>. Concentraci\u00f3 de les filaes de Moros i Cristians per a iniciar Les Entradetes en l\u2019Avinguda La Nucia, amb l\u2019itinerari seg\u00fcent: Pla\u00e7a de La Creu, Pont de Moncau, i Av. Jaume I.<\/p>\n<p>00:30 h (matinada del dissabte), Macro Disco \u201c<strong>FESTA SUMMERTIME<\/strong>\u201d amb l\u2019animaci\u00f3 de \u201cSPAM GRUP\u201d, regals, camisetes, confeti, etc., en la Barraca Festera del Cam\u00ed de l\u2019Algar.<\/p>\n<p>Fuente:\u00a0<a href=\"http:\/\/www.altea.es\" target=\"_blank\" rel=\"noopener\">http:\/\/www.altea.es<\/a><\/p>\n","protected":false},"excerpt":{"rendered":"<p>DIVENDRES, DIA 22 DE SETEMBRE: 13:00 h.\u00a0ANUNCI OFICIAL DE FESTES\u00a0amb volteig de campanes i tir de morters. 18:00 h. Tradicional \u201cENTRADA DE LA MURTA\u201d amb la participaci\u00f3 de la Colla de Dol\u00e7aines, Bandeta Jove d\u2019Altea, Sonats Batucada d\u2019Altea, Grup de Danses Bellaguarda Tradicions, animaci\u00f3 \u201cFANTASIA\u201d, i moltes m\u00e9s coses. Recorregut:&#8230;<\/p>\n","protected":false},"author":32,"featured_media":3464,"comment_status":"closed","ping_status":"closed","sticky":false,"template":"","format":"standard","meta":{"_mbp_gutenberg_autopost":false,"spay_email":"","jetpack_publicize_message":"","jetpack_is_tweetstorm":false,"jetpack_publicize_feature_enabled":true},"categories":[35],"tags":[],"jetpack_featured_media_url":"https:\/\/www.lasnereidasaltea.com\/wp-content\/uploads\/2017\/09\/crist_2017.jpg","jetpack_publicize_connections":[],"_links":{"self":[{"href":"https:\/\/www.lasnereidasaltea.com\/en\/wp-json\/wp\/v2\/posts\/3465"}],"collection":[{"href":"https:\/\/www.lasnereidasaltea.com\/en\/wp-json\/wp\/v2\/posts"}],"about":[{"href":"https:\/\/www.lasnereidasaltea.com\/en\/wp-json\/wp\/v2\/types\/post"}],"author":[{"embeddable":true,"href":"https:\/\/www.lasnereidasaltea.com\/en\/wp-json\/wp\/v2\/users\/32"}],"replies":[{"embeddable":true,"href":"https:\/\/www.lasnereidasaltea.com\/en\/wp-json\/wp\/v2\/comments?post=3465"}],"version-history":[{"count":2,"href":"https:\/\/www.lasnereidasaltea.com\/en\/wp-json\/wp\/v2\/posts\/3465\/revisions"}],"predecessor-version":[{"id":5630,"href":"https:\/\/www.lasnereidasaltea.com\/en\/wp-json\/wp\/v2\/posts\/3465\/revisions\/5630"}],"wp:featuredmedia":[{"embeddable":true,"href":"https:\/\/www.lasnereidasaltea.com\/en\/wp-json\/wp\/v2\/media\/3464"}],"wp:attachment":[{"href":"https:\/\/www.lasnereidasaltea.com\/en\/wp-json\/wp\/v2\/media?parent=3465"}],"wp:term":[{"taxonomy":"category","embeddable":true,"href":"https:\/\/www.lasnereidasaltea.com\/en\/wp-json\/wp\/v2\/categories?post=3465"},{"taxonomy":"post_tag","embeddable":true,"href":"https:\/\/www.lasnereidasaltea.com\/en\/wp-json\/wp\/v2\/tags?post=3465"}],"curies":[{"name":"wp","href":"https:\/\/api.w.org\/{rel}","templated":true}]}}